{"id":1962773,"date":"2021-09-01T10:28:53","date_gmt":"2021-09-01T08:28:53","guid":{"rendered":"https:\/\/seminarhotels-schweiz.com\/de\/?p=1962773"},"modified":"2021-09-01T10:28:53","modified_gmt":"2021-09-01T08:28:53","slug":"die-skyline-von-frankfurt","status":"publish","type":"post","link":"https:\/\/seminarhotels-deutschland.com\/de\/news\/die-skyline-von-frankfurt\/","title":{"rendered":"Die Skyline von Frankfurt"},"content":{"rendered":"<p>Es gibt nicht viele St\u00e4dte in Europa, die mit einer unverwechselbaren Skyline punkten k\u00f6nnen. Doch Frankfurt ist eine davon. Jeder kennt die typischen Bauten von <a href=\"https:\/\/paris-conferencehotels.com\/\" target=\"_blank\" rel=\"noopener noreferrer\">Paris<\/a> und <a href=\"https:\/\/london-conferencehotels.com\/\" target=\"_blank\" rel=\"noopener noreferrer\">London<\/a>. Und auch die Skyline von Frankfurt z\u00e4hlt zum illustren Kreis der europ\u00e4ischen Wolkenkratzer. Bis zu 300 Meter hoch ragen die T\u00fcrme der Hochh\u00e4user in den Himmel vom sogenannten \u00abMainhattan\u00bb.<\/p>\n<h2>Zwischen R\u00f6mer und Skyline von Frankfurt<\/h2>\n<p>Das sch\u00f6ne an Frankfurt ist die Mischung aus Geschichte und Moderne. So zum Beispiel auf historischen Pl\u00e4tzen wie dem Frankfurter R\u00f6mer. Der beliebte Platz mit dem markanten Rathaus befindet sich mitten in der Stadt. Und im Hintergrund sehen Sie Frankfurts Skyline. Oder auch die Alte Oper am Opernplatz. Das Konzert- und Veranstaltungshaus wurde 1873 bis 1880 als Opernhaus der St\u00e4dtischen B\u00fchnen erbaut und bei einem Luftangriff 1944 zerst\u00f6rt. W\u00e4hrend die Oper Frankfurt 1951 eine neue Spielst\u00e4tte am Theaterplatz erhielt, blieb das Opernhaus noch lange Ruine. Heute erstrahlt es im neuen Glanz. Renaissance mitten in der Stadt umgeben von modernen Architekturbauten.<\/p>\n<h3>Doch wie kam Frankfurt zu seinen Wolkenkratzern?<\/h3>\n<p>Nach dem Krieg wurde Frankfurt zur Stadt der Banken und dadurch auch zur Stadt der Hochh\u00e4user. Nachdem das Rennen um den Regierungssitz 1949 zugunsten von Bonn entschieden wurde, bekam Frankfurt, sozusagen zum Trost, den Sitz der Deutschen Bundesbank zugesprochen.<\/p>\n<p>Im Laufe der n\u00e4chsten Jahrzehnte lie\u00dfen sich mehr als 550 in- und ausl\u00e4ndische Banken und Versicherungen sowie weitere 2.000 Finanzdienstleister in Frankfurt nieder. Viele von ihnen wollten ihre Bedeutung mit einem repr\u00e4sentativen Hochhausbau auch nach au\u00dfen hin unterstreichen \u2013 und der Platz f\u00fcr B\u00fcroraum in der City wurde ohnehin knapper. So wuchs die Skyline von Frankfurt.<\/p>\n<p>Ab den 1970er Jahren entstand das Bankenviertel in der City, zwischen Hauptwache, Alter Oper und Hauptbahnhof. Auch im Stadtteil Westend wurden zahlreiche alte H\u00e4user abgerissen, wogegen viele Bewohner protestierten. Mit der Entscheidung, die Deutsche Bundesbank auch nach der Wiedervereinigung in Frankfurt zu belassen und mit der Wahl Frankfurts zum Sitz der Europ\u00e4ischen Zentralbank setzte in den 1990er Jahren ein zweiter Bauboom ein. Quelle: <a href=\"https:\/\/www.planet-wissen.de\/kultur\/architektur\/wolkenkratzer\/pwiefrankfurtdieeuropaeischewolkenkratzermetropole100.html\" target=\"_blank\" rel=\"noopener noreferrer\">planet-wissen.de<\/a><\/p>\n<h3>Maintower \u2013 ein Blick von oben<\/h3>\n<p>Normalerweise sind die Hochh\u00e4user der Skyline von Frankfurt nicht \u00f6ffentlich zug\u00e4nglich. Jedoch mit einer Ausnahme. Der im Jahr 2000 er\u00f6ffnete &#8222;Maintower&#8220; der Landesbank Hessen-Th\u00fcringen, bietet in 200 Metern H\u00f6he eine Aussichtsplattform.<\/p>","protected":false},"excerpt":{"rendered":"<p>Es gibt nicht viele St\u00e4dte in Europa, die mit einer unverwechselbaren Skyline punkten k\u00f6nnen. Doch Frankfurt ist eine davon. Jeder kennt die typischen Bauten von Paris und London. Und auch die Skyline von Frankfurt z\u00e4hlt zum illustren Kreis der europ\u00e4ischen Wolkenkratzer. Bis zu 300 Meter hoch ragen die T\u00fcrme der Hochh\u00e4user in den Himmel vom [&hellip;]<\/p>\n","protected":false},"author":8,"featured_media":1962793,"comment_status":"closed","ping_status":"open","sticky":false,"template":"","format":"standard","meta":[],"acf":[],"yoast_head":"<!-- This site is optimized with the Yoast SEO Premium plugin v20.3 (Yoast SEO v20.3) - https:\/\/yoast.com\/wordpress\/plugins\/seo\/ -->\n<title>Die Skyline von Frankfurt | Seminarhotels Deutschland<\/title>\n<meta name=\"description\" content=\"Die Skyline von Frankfurt z\u00e4hlt zum illustren Kreis der europ\u00e4ischen Wolkenkratzer. Bis zu 300 Meter hoch ragen die T\u00fcrme in den Himmel von \u00abMainhattan\u00bb.\" \/>\n<meta name=\"robots\" content=\"index, follow, max-snippet:-1, max-image-preview:large, max-video-preview:-1\" \/>\n<link rel=\"canonical\" href=\"https:\/\/frankfurt-meetinghotels.com\/de\/news\/die-skyline-von-frankfurt\/\" \/>\n<meta property=\"og:locale\" content=\"de_DE\" \/>\n<meta property=\"og:type\" content=\"article\" \/>\n<meta property=\"og:title\" content=\"Die Skyline von Frankfurt\" \/>\n<meta property=\"og:description\" content=\"Die Skyline von Frankfurt z\u00e4hlt zum illustren Kreis der europ\u00e4ischen Wolkenkratzer. Bis zu 300 Meter hoch ragen die T\u00fcrme in den Himmel von \u00abMainhattan\u00bb.\" \/>\n<meta property=\"og:url\" content=\"https:\/\/frankfurt-meetinghotels.com\/de\/news\/die-skyline-von-frankfurt\/\" \/>\n<meta property=\"og:site_name\" content=\"seminarhotels-deutschland.com\" \/>\n<meta property=\"article:published_time\" content=\"2021-09-01T08:28:53+00:00\" \/>\n<meta property=\"og:image\" content=\"https:\/\/frankfurt-meetinghotels.com\/wp-content\/uploads\/2021\/09\/skyline-von-frankfurt-mice-service-group.jpg\" \/>\n\t<meta property=\"og:image:width\" content=\"1920\" \/>\n\t<meta property=\"og:image:height\" content=\"1440\" \/>\n\t<meta property=\"og:image:type\" content=\"image\/jpeg\" \/>\n<meta name=\"author\" content=\"Mandy Weinand\" \/>\n<meta name=\"twitter:card\" content=\"summary_large_image\" \/>\n<meta name=\"twitter:label1\" content=\"Verfasst von\" \/>\n\t<meta name=\"twitter:data1\" content=\"Mandy Weinand\" \/>\n\t<meta name=\"twitter:label2\" content=\"Gesch\u00e4tzte Lesezeit\" \/>\n\t<meta name=\"twitter:data2\" content=\"4 Minuten\" \/>\n<script type=\"application\/ld+json\" class=\"yoast-schema-graph\">{\"@context\":\"https:\/\/schema.org\",\"@graph\":[{\"@type\":\"WebPage\",\"@id\":\"https:\/\/frankfurt-meetinghotels.com\/de\/news\/die-skyline-von-frankfurt\/\",\"url\":\"https:\/\/frankfurt-meetinghotels.com\/de\/news\/die-skyline-von-frankfurt\/\",\"name\":\"Die Skyline von Frankfurt | seminarhotels-deutschland.com\",\"isPartOf\":{\"@id\":\"https:\/\/luzern-seminarhotels.ch\/de\/#website\"},\"datePublished\":\"2021-09-01T08:28:53+00:00\",\"dateModified\":\"2021-09-01T08:28:53+00:00\",\"author\":{\"@id\":\"https:\/\/luzern-seminarhotels.ch\/de\/#\/schema\/person\/68a753e2d9667d03770466eea9649fe2\"},\"description\":\"Die Skyline von Frankfurt z\u00e4hlt zum illustren Kreis der europ\u00e4ischen Wolkenkratzer. Bis zu 300 Meter hoch ragen die T\u00fcrme in den Himmel von \u00abMainhattan\u00bb.\",\"breadcrumb\":{\"@id\":\"https:\/\/frankfurt-meetinghotels.com\/de\/news\/die-skyline-von-frankfurt\/#breadcrumb\"},\"inLanguage\":\"de-DE\",\"potentialAction\":[{\"@type\":\"ReadAction\",\"target\":[\"https:\/\/frankfurt-meetinghotels.com\/de\/news\/die-skyline-von-frankfurt\/\"]}]},{\"@type\":\"BreadcrumbList\",\"@id\":\"https:\/\/frankfurt-meetinghotels.com\/de\/news\/die-skyline-von-frankfurt\/#breadcrumb\",\"itemListElement\":[{\"@type\":\"ListItem\",\"position\":1,\"name\":\"Home\",\"item\":\"https:\/\/luzern-seminarhotels.ch\/de\/\"},{\"@type\":\"ListItem\",\"position\":2,\"name\":\"News\",\"item\":\"https:\/\/seminarhotels-deutschland.com\/de\/news\/\"},{\"@type\":\"ListItem\",\"position\":3,\"name\":\"Die Skyline von Frankfurt\"}]},{\"@type\":\"WebSite\",\"@id\":\"https:\/\/luzern-seminarhotels.ch\/de\/#website\",\"url\":\"https:\/\/luzern-seminarhotels.ch\/de\/\",\"name\":\"seminarhotels-deutschland.com\",\"description\":\"\",\"potentialAction\":[{\"@type\":\"SearchAction\",\"target\":{\"@type\":\"EntryPoint\",\"urlTemplate\":\"https:\/\/luzern-seminarhotels.ch\/de\/?s={search_term_string}\"},\"query-input\":\"required name=search_term_string\"}],\"inLanguage\":\"de-DE\"},{\"@type\":\"Person\",\"@id\":\"https:\/\/luzern-seminarhotels.ch\/de\/#\/schema\/person\/68a753e2d9667d03770466eea9649fe2\",\"name\":\"Mandy Weinand\",\"image\":{\"@type\":\"ImageObject\",\"inLanguage\":\"de-DE\",\"@id\":\"https:\/\/luzern-seminarhotels.ch\/de\/#\/schema\/person\/image\/\",\"url\":\"https:\/\/seminarhotels-deutschland.com\/wp-content\/wphb-cache\/gravatar\/0dd\/0dd8d60975308d2c72a43b48f7a98b02x96.jpg\",\"contentUrl\":\"https:\/\/seminarhotels-deutschland.com\/wp-content\/wphb-cache\/gravatar\/0dd\/0dd8d60975308d2c72a43b48f7a98b02x96.jpg\",\"caption\":\"Mandy Weinand\"}}]}<\/script>\n<!-- \/ Yoast SEO Premium plugin. -->","yoast_head_json":{"title":"Die Skyline von Frankfurt | Seminarhotels Deutschland","description":"Die Skyline von Frankfurt z\u00e4hlt zum illustren Kreis der europ\u00e4ischen Wolkenkratzer. Bis zu 300 Meter hoch ragen die T\u00fcrme in den Himmel von \u00abMainhattan\u00bb.","robots":{"index":"index","follow":"follow","max-snippet":"max-snippet:-1","max-image-preview":"max-image-preview:large","max-video-preview":"max-video-preview:-1"},"canonical":"https:\/\/frankfurt-meetinghotels.com\/de\/news\/die-skyline-von-frankfurt\/","og_locale":"de_DE","og_type":"article","og_title":"Die Skyline von Frankfurt","og_description":"Die Skyline von Frankfurt z\u00e4hlt zum illustren Kreis der europ\u00e4ischen Wolkenkratzer. Bis zu 300 Meter hoch ragen die T\u00fcrme in den Himmel von \u00abMainhattan\u00bb.","og_url":"https:\/\/frankfurt-meetinghotels.com\/de\/news\/die-skyline-von-frankfurt\/","og_site_name":"seminarhotels-deutschland.com","article_published_time":"2021-09-01T08:28:53+00:00","og_image":[{"width":1920,"height":1440,"url":"https:\/\/frankfurt-meetinghotels.com\/wp-content\/uploads\/2021\/09\/skyline-von-frankfurt-mice-service-group.jpg","type":"image\/jpeg"}],"author":"Mandy Weinand","twitter_card":"summary_large_image","twitter_misc":{"Verfasst von":"Mandy Weinand","Gesch\u00e4tzte Lesezeit":"4 Minuten"},"schema":{"@context":"https:\/\/schema.org","@graph":[{"@type":"WebPage","@id":"https:\/\/frankfurt-meetinghotels.com\/de\/news\/die-skyline-von-frankfurt\/","url":"https:\/\/frankfurt-meetinghotels.com\/de\/news\/die-skyline-von-frankfurt\/","name":"Die Skyline von Frankfurt | seminarhotels-deutschland.com","isPartOf":{"@id":"https:\/\/luzern-seminarhotels.ch\/de\/#website"},"datePublished":"2021-09-01T08:28:53+00:00","dateModified":"2021-09-01T08:28:53+00:00","author":{"@id":"https:\/\/luzern-seminarhotels.ch\/de\/#\/schema\/person\/68a753e2d9667d03770466eea9649fe2"},"description":"Die Skyline von Frankfurt z\u00e4hlt zum illustren Kreis der europ\u00e4ischen Wolkenkratzer. Bis zu 300 Meter hoch ragen die T\u00fcrme in den Himmel von \u00abMainhattan\u00bb.","breadcrumb":{"@id":"https:\/\/frankfurt-meetinghotels.com\/de\/news\/die-skyline-von-frankfurt\/#breadcrumb"},"inLanguage":"de-DE","potentialAction":[{"@type":"ReadAction","target":["https:\/\/frankfurt-meetinghotels.com\/de\/news\/die-skyline-von-frankfurt\/"]}]},{"@type":"BreadcrumbList","@id":"https:\/\/frankfurt-meetinghotels.com\/de\/news\/die-skyline-von-frankfurt\/#breadcrumb","itemListElement":[{"@type":"ListItem","position":1,"name":"Home","item":"https:\/\/luzern-seminarhotels.ch\/de\/"},{"@type":"ListItem","position":2,"name":"News","item":"https:\/\/seminarhotels-deutschland.com\/de\/news\/"},{"@type":"ListItem","position":3,"name":"Die Skyline von Frankfurt"}]},{"@type":"WebSite","@id":"https:\/\/luzern-seminarhotels.ch\/de\/#website","url":"https:\/\/luzern-seminarhotels.ch\/de\/","name":"seminarhotels-deutschland.com","description":"","potentialAction":[{"@type":"SearchAction","target":{"@type":"EntryPoint","urlTemplate":"https:\/\/luzern-seminarhotels.ch\/de\/?s={search_term_string}"},"query-input":"required name=search_term_string"}],"inLanguage":"de-DE"},{"@type":"Person","@id":"https:\/\/luzern-seminarhotels.ch\/de\/#\/schema\/person\/68a753e2d9667d03770466eea9649fe2","name":"Mandy Weinand","image":{"@type":"ImageObject","inLanguage":"de-DE","@id":"https:\/\/luzern-seminarhotels.ch\/de\/#\/schema\/person\/image\/","url":"https:\/\/seminarhotels-deutschland.com\/wp-content\/wphb-cache\/gravatar\/0dd\/0dd8d60975308d2c72a43b48f7a98b02x96.jpg","contentUrl":"https:\/\/seminarhotels-deutschland.com\/wp-content\/wphb-cache\/gravatar\/0dd\/0dd8d60975308d2c72a43b48f7a98b02x96.jpg","caption":"Mandy Weinand"}}]}},"_links":{"self":[{"href":"https:\/\/seminarhotels-deutschland.com\/de\/wp-json\/wp\/v2\/posts\/1962773"}],"collection":[{"href":"https:\/\/seminarhotels-deutschland.com\/de\/wp-json\/wp\/v2\/posts"}],"about":[{"href":"https:\/\/seminarhotels-deutschland.com\/de\/wp-json\/wp\/v2\/types\/post"}],"author":[{"embeddable":true,"href":"https:\/\/seminarhotels-deutschland.com\/de\/wp-json\/wp\/v2\/users\/8"}],"replies":[{"embeddable":true,"href":"https:\/\/seminarhotels-deutschland.com\/de\/wp-json\/wp\/v2\/comments?post=1962773"}],"version-history":[{"count":5,"href":"https:\/\/seminarhotels-deutschland.com\/de\/wp-json\/wp\/v2\/posts\/1962773\/revisions"}],"predecessor-version":[{"id":1962842,"href":"https:\/\/seminarhotels-deutschland.com\/de\/wp-json\/wp\/v2\/posts\/1962773\/revisions\/1962842"}],"wp:featuredmedia":[{"embeddable":true,"href":"https:\/\/seminarhotels-deutschland.com\/de\/wp-json\/wp\/v2\/media\/1962793"}],"wp:attachment":[{"href":"https:\/\/seminarhotels-deutschland.com\/de\/wp-json\/wp\/v2\/media?parent=1962773"}],"curies":[{"name":"wp","href":"https:\/\/api.w.org\/{rel}","templated":true}]}}